{"id":1216,"date":"2019-03-13T00:06:49","date_gmt":"2019-03-12T23:06:49","guid":{"rendered":"https:\/\/www.fachwarte.de\/?p=1216"},"modified":"2019-04-07T17:11:46","modified_gmt":"2019-04-07T15:11:46","slug":"klimawandel-im-obst-garten-und-weinbau","status":"publish","type":"post","link":"https:\/\/www.fachwarte.de\/?p=1216","title":{"rendered":"Fachvortrag: Klimawandel im Obst-, Garten- und Weinbau"},"content":{"rendered":"<figure id=\"attachment_1219\" aria-describedby=\"caption-attachment-1219\" style=\"width: 800px\" class=\"wp-caption aligncenter\"><img loading=\"lazy\" decoding=\"async\" class=\"wp-image-1219 size-full\" src=\"https:\/\/www.fachwarte.de\/wp-content\/uploads\/2019\/03\/800px-Growthkap_South_Africa.jpg\" alt=\"\" width=\"800\" height=\"533\" srcset=\"https:\/\/www.fachwarte.de\/wp-content\/uploads\/2019\/03\/800px-Growthkap_South_Africa.jpg 800w, https:\/\/www.fachwarte.de\/wp-content\/uploads\/2019\/03\/800px-Growthkap_South_Africa-300x200.jpg 300w, https:\/\/www.fachwarte.de\/wp-content\/uploads\/2019\/03\/800px-Growthkap_South_Africa-768x512.jpg 768w\" sizes=\"auto, (max-width: 800px) 100vw, 800px\" \/><figcaption id=\"caption-attachment-1219\" class=\"wp-caption-text\">Growthkap-Wasserbeh\u00e4lter an Steinobstb\u00e4umen \u2013 \u00a9 Growthkap<\/figcaption><\/figure>\n<p style=\"text-align: justify;\">Einladung zum Fachvortrag \u201eKlimawandel im Obst-, Garten- und Weinbau\u201c im Rahmen unseres diesj\u00e4hrigen Leitthemas \u201eKlimawandel\u201c anl\u00e4sslich der <a href=\"https:\/\/www.fachwarte.de\/?p=1156\">Mitgliederversammlung der Fachwartvereinigung am 29. M\u00e4rz 2019 um 19 Uhr im Haus Sommerhof in Sindelfingen<\/a>.<\/p>\n<p style=\"text-align: justify;\">Schwerpunkte werden Kern- und Steinobst sowie Beerenobst und Tafeltrauben, aber auch Informationen zu Sorten, Pflegema\u00dfnahmen und Anbauempfehlungen sein. Referent ist Dr. Franz Ruess von der Staatlichen Lehr- und Versuchsanstalt f\u00fcr Wein- und Obstbau LVWO Weinsberg.<\/p>\n<p style=\"text-align: justify;\">Termin: Freitag 29. M\u00e4rz 2019 um 19 Uhr. Ort: Restaurant Haus Sommerhof, Sindelfingen, Eschenriedstra\u00dfe 40. Eintritt wie immer f\u00fcr Mitglieder frei, Nichtmitglieder sind willkommen und zahlen 5 Euro. Eine Anmeldung der Teilnehmer unter Veranstaltungen@Fachwarte.de ist erw\u00fcnscht, es ist aber auch eine kurzfristige Teilnahme m\u00f6glich.<\/p>\n","protected":false},"excerpt":{"rendered":"<p>Einladung zum Fachvortrag \u201eKlimawandel im Obst-, Garten- und Weinbau\u201c im Rahmen unseres diesj\u00e4hrigen Leitthemas \u201eKlimawandel\u201c anl\u00e4sslich der Mitgliederversammlung der Fachwartvereinigung am 29. M\u00e4rz 2019 um 19 Uhr im Haus Sommerhof in Sindelfingen. Schwerpunkte werden Kern- und Steinobst sowie Beerenobst und <a class=\"more-link\" href=\"https:\/\/www.fachwarte.de\/?p=1216\"><span class=\"screen-reader-text\">  Fachvortrag: Klimawandel im Obst-, Garten- und Weinbau<\/span> weiterlesen<span class=\"meta-nav\">&rarr;<\/span><\/a><\/p>\n","protected":false},"author":9,"featured_media":1219,"comment_status":"closed","ping_status":"open","sticky":false,"template":"","format":"standard","meta":{"footnotes":""},"categories":[1],"tags":[31,33,32,30],"class_list":["post-1216","post","type-post","status-publish","format-standard","has-post-thumbnail","hentry","category-allgemein","tag-fachvortrag","tag-klimawandel","tag-leitthema","tag-mitgliederversammlung"],"_links":{"self":[{"href":"https:\/\/www.fachwarte.de\/index.php?rest_route=\/wp\/v2\/posts\/1216","targetHints":{"allow":["GET"]}}],"collection":[{"href":"https:\/\/www.fachwarte.de\/index.php?rest_route=\/wp\/v2\/posts"}],"about":[{"href":"https:\/\/www.fachwarte.de\/index.php?rest_route=\/wp\/v2\/types\/post"}],"author":[{"embeddable":true,"href":"https:\/\/www.fachwarte.de\/index.php?rest_route=\/wp\/v2\/users\/9"}],"replies":[{"embeddable":true,"href":"https:\/\/www.fachwarte.de\/index.php?rest_route=%2Fwp%2Fv2%2Fcomments&post=1216"}],"version-history":[{"count":10,"href":"https:\/\/www.fachwarte.de\/index.php?rest_route=\/wp\/v2\/posts\/1216\/revisions"}],"predecessor-version":[{"id":1235,"href":"https:\/\/www.fachwarte.de\/index.php?rest_route=\/wp\/v2\/posts\/1216\/revisions\/1235"}],"wp:featuredmedia":[{"embeddable":true,"href":"https:\/\/www.fachwarte.de\/index.php?rest_route=\/wp\/v2\/media\/1219"}],"wp:attachment":[{"href":"https:\/\/www.fachwarte.de\/index.php?rest_route=%2Fwp%2Fv2%2Fmedia&parent=1216"}],"wp:term":[{"taxonomy":"category","embeddable":true,"href":"https:\/\/www.fachwarte.de\/index.php?rest_route=%2Fwp%2Fv2%2Fcategories&post=1216"},{"taxonomy":"post_tag","embeddable":true,"href":"https:\/\/www.fachwarte.de\/index.php?rest_route=%2Fwp%2Fv2%2Ftags&post=1216"}],"curies":[{"name":"wp","href":"https:\/\/api.w.org\/{rel}","templated":true}]}}